{"id":8662,"date":"2023-08-10T13:42:46","date_gmt":"2023-08-10T13:42:46","guid":{"rendered":"https:\/\/locumdeco.com\/?p=8662"},"modified":"2023-09-11T05:21:19","modified_gmt":"2023-09-11T05:21:19","slug":"start-w-nowym-wnetrzu","status":"publish","type":"post","link":"https:\/\/locumdeco.com\/index.php\/2023\/08\/10\/start-w-nowym-wnetrzu\/","title":{"rendered":"Start w nowym wn\u0119trzu"},"content":{"rendered":"\t\t<div data-elementor-type=\"wp-post\" data-elementor-id=\"8662\" class=\"elementor elementor-8662\">\n\t\t\t\t\t\t<section class=\"elementor-section elementor-top-section elementor-element elementor-element-894761e elementor-section-boxed elementor-section-height-default elementor-section-height-default qodef-elementor-content-no\" data-id=\"894761e\" data-element_type=\"section\">\n\t\t\t\t\t\t<div class=\"elementor-container elementor-column-gap-default\">\n\t\t\t\t\t<div class=\"elementor-column elementor-col-100 elementor-top-column elementor-element elementor-element-f3fe4de\" data-id=\"f3fe4de\" data-element_type=\"column\">\n\t\t\t<div class=\"elementor-widget-wrap elementor-element-populated\">\n\t\t\t\t\t\t<div class=\"elementor-element elementor-element-d79fe62 elementor-widget elementor-widget-text-editor\" data-id=\"d79fe62\" data-element_type=\"widget\" data-widget_type=\"text-editor.default\">\n\t\t\t\t<div class=\"elementor-widget-container\">\n\t\t\t\t\t\t\t\t\t<p>Je\u015bli w\u0142a\u015bnie rozpoczynasz swoj\u0105 przygod\u0119 z pierwszym w\u0142asnym mieszkaniem, to doskonale trafi\u0142a\u015b! Pragniemy podzieli\u0107 si\u0119 z Tob\u0105 praktycznymi poradami dotycz\u0105cymi maksymalnego wykorzystania przestrzeni, wyboru funkcjonalnych mebli oraz odpowiednich tkanin i tekstyli\u00f3w. Nie zapomnimy r\u00f3wnie\u017c o kluczowym elemencie &#8211; o\u015bwietleniu, kt\u00f3re odgrywa niezwykle istotn\u0105 rol\u0119 w aran\u017cacji wn\u0119trza. Ponadto, dowiesz si\u0119 jak dostosowa\u0107 kolorystyk\u0119 do swojego stylu \u017cycia oraz jak, za pomoc\u0105 dodatk\u00f3w i dekoracji stworzy\u0107 unikalny charakter swojego wn\u0119trza. Zach\u0119camy Ci\u0119 do lektury i dzielenia si\u0119 swoimi my\u015blami oraz do\u015bwiadczeniami w komentarzach poni\u017cej. Czekamy na Ciebie!<\/p>\t\t\t\t\t\t\t\t<\/div>\n\t\t\t\t<\/div>\n\t\t\t\t\t<\/div>\n\t\t<\/div>\n\t\t\t\t\t<\/div>\n\t\t<\/section>\n\t\t\t\t<section class=\"elementor-section elementor-top-section elementor-element elementor-element-6afb4b4 elementor-section-boxed elementor-section-height-default elementor-section-height-default qodef-elementor-content-no\" data-id=\"6afb4b4\" data-element_type=\"section\">\n\t\t\t\t\t\t<div class=\"elementor-container elementor-column-gap-default\">\n\t\t\t\t\t<div class=\"elementor-column elementor-col-100 elementor-top-column elementor-element elementor-element-f761410\" data-id=\"f761410\" data-element_type=\"column\">\n\t\t\t<div class=\"elementor-widget-wrap elementor-element-populated\">\n\t\t\t\t\t\t<div class=\"elementor-element elementor-element-31d3f95 elementor-widget elementor-widget-heading\" data-id=\"31d3f95\" data-element_type=\"widget\" data-widget_type=\"heading.default\">\n\t\t\t\t<div class=\"elementor-widget-container\">\n\t\t\t\t\t<h4 class=\"elementor-heading-title elementor-size-default\">Przechowywanie \u2013 jak maksymalnie wykorzysta\u0107 przestrze\u0144 w ma\u0142ym mieszkaniu<\/h4>\t\t\t\t<\/div>\n\t\t\t\t<\/div>\n\t\t\t\t<div class=\"elementor-element elementor-element-c90498b elementor-widget elementor-widget-text-editor\" data-id=\"c90498b\" data-element_type=\"widget\" data-widget_type=\"text-editor.default\">\n\t\t\t\t<div class=\"elementor-widget-container\">\n\t\t\t\t\t\t\t\t\t<p>Przechowywanie jest kluczowym elementem przy urz\u0105dzaniu ma\u0142ego mieszkania. W takiej przestrzeni, gdzie ka\u017cdy metr kwadratowy jest na wag\u0119 z\u0142ota, wa\u017cne jest maksymalne wykorzystanie dost\u0119pnej przestrzeni. Istnieje wiele pomys\u0142\u00f3w i rozwi\u0105za\u0144, kt\u00f3re mog\u0105 pom\u00f3c w przechowywaniu rzeczy w spos\u00f3b funkcjonalny i estetyczny. Jednym z nich s\u0105 meble wielofunkcyjne, takie jak \u0142\u00f3\u017cka z pojemnikiem na po\u015bciel czy stoliki kawowe z szufladami. Mo\u017cna r\u00f3wnie\u017c zainwestowa\u0107 w rega\u0142y modu\u0142owe, kt\u00f3re mo\u017cna dowolnie konfigurowa\u0107 i dopasowa\u0107 do swoich potrzeb. Wa\u017cne jest tak\u017ce wykorzystanie pustych przestrzeni, takich jak przestrze\u0144 pod \u0142\u00f3\u017ckiem czy nad drzwiami, poprzez zamontowanie szuflad, p\u00f3\u0142ek czy haczyk\u00f3w.<\/p>\t\t\t\t\t\t\t\t<\/div>\n\t\t\t\t<\/div>\n\t\t\t\t<div class=\"elementor-element elementor-element-848c44c elementor-widget elementor-widget-text-editor\" data-id=\"848c44c\" data-element_type=\"widget\" data-widget_type=\"text-editor.default\">\n\t\t\t\t<div class=\"elementor-widget-container\">\n\t\t\t\t\t\t\t\t\t<p>Kolejnym sposobem na maksymalne wykorzystanie przestrzeni w ma\u0142ym mieszkaniu jest organizacja i sortowanie rzeczy. Przed rozpocz\u0119ciem aran\u017cacji warto przejrze\u0107 wszystkie posiadane przedmioty i oceni\u0107 ich warto\u015b\u0107 oraz u\u017cyteczno\u015b\u0107. Niepotrzebne przedmioty mo\u017cna sprzeda\u0107 lub odda\u0107 komu\u015b innemu, co pozwoli zaoszcz\u0119dzi\u0107 miejsce. Nast\u0119pnie warto zaplanowa\u0107 system przechowywania, np. segreguj\u0105c ubrania wed\u0142ug rodzaju czy sezonu oraz korzystaj\u0105c z pojemnik\u00f3w i koszyk\u00f3w. Wa\u017cne jest tak\u017ce wykorzystanie \u015bcian, poprzez zamontowanie wieszak\u00f3w czy p\u00f3\u0142ek. Dzi\u0119ki temu mo\u017cna zaoszcz\u0119dzi\u0107 miejsce na pod\u0142odze i stworzy\u0107 bardziej przestronne wra\u017cenie.<\/p>\t\t\t\t\t\t\t\t<\/div>\n\t\t\t\t<\/div>\n\t\t\t\t<div class=\"elementor-element elementor-element-7ef74b3 elementor-widget elementor-widget-image-gallery\" data-id=\"7ef74b3\" data-element_type=\"widget\" data-widget_type=\"image-gallery.default\">\n\t\t\t\t<div class=\"elementor-widget-container\">\n\t\t\t\t\t\t\t<div class=\"elementor-image-gallery\">\n\t\t\t\n\t\t<style type=\"text\/css\">\n\t\t\t#gallery-1 {\n\t\t\t\tmargin: auto;\n\t\t\t}\n\t\t\t#gallery-1 .gallery-item {\n\t\t\t\tfloat: left;\n\t\t\t\tmargin-top: 10px;\n\t\t\t\ttext-align: center;\n\t\t\t\twidth: 33%;\n\t\t\t}\n\t\t\t#gallery-1 img {\n\t\t\t\tborder: 2px solid #cfcfcf;\n\t\t\t}\n\t\t\t#gallery-1 .gallery-caption {\n\t\t\t\tmargin-left: 0;\n\t\t\t}\n\t\t\t\/* see gallery_shortcode() in wp-includes\/media.php *\/\n\t\t<\/style>\n\t\t<div id='gallery-1' class='gallery galleryid-8662 gallery-columns-3 gallery-size-emaurri_core_image_size_portrait'><dl class='gallery-item'>\n\t\t\t<dt class='gallery-icon landscape'>\n\t\t\t\t<a data-elementor-open-lightbox=\"yes\" data-elementor-lightbox-slideshow=\"7ef74b3\" data-elementor-lightbox-title=\"Salonik\" data-e-action-hash=\"#elementor-action%3Aaction%3Dlightbox%26settings%3DeyJpZCI6ODYzNSwidXJsIjoiaHR0cHM6XC9cL2xvY3VtZGVjby5jb21cL3dwLWNvbnRlbnRcL3VwbG9hZHNcLzIwMjNcLzA4XC9TYWxvbmlrLnBuZyIsInNsaWRlc2hvdyI6IjdlZjc0YjMifQ%3D%3D\" href='https:\/\/locumdeco.com\/wp-content\/uploads\/2023\/08\/Salonik.png'><img fetchpriority=\"high\" decoding=\"async\" width=\"650\" height=\"1024\" src=\"https:\/\/locumdeco.com\/wp-content\/uploads\/2023\/08\/Salonik-650x1024.png\" class=\"attachment-emaurri_core_image_size_portrait size-emaurri_core_image_size_portrait\" alt=\"\" \/><\/a>\n\t\t\t<\/dt><\/dl><dl class='gallery-item'>\n\t\t\t<dt class='gallery-icon landscape'>\n\t\t\t\t<a data-elementor-open-lightbox=\"yes\" data-elementor-lightbox-slideshow=\"7ef74b3\" data-elementor-lightbox-title=\"przedpok\u00f3j\" data-e-action-hash=\"#elementor-action%3Aaction%3Dlightbox%26settings%3DeyJpZCI6ODYzNywidXJsIjoiaHR0cHM6XC9cL2xvY3VtZGVjby5jb21cL3dwLWNvbnRlbnRcL3VwbG9hZHNcLzIwMjNcLzA4XC9wcnplZHBva29qLnBuZyIsInNsaWRlc2hvdyI6IjdlZjc0YjMifQ%3D%3D\" href='https:\/\/locumdeco.com\/wp-content\/uploads\/2023\/08\/przedpokoj.png'><img decoding=\"async\" width=\"650\" height=\"1024\" src=\"https:\/\/locumdeco.com\/wp-content\/uploads\/2023\/08\/przedpokoj-650x1024.png\" class=\"attachment-emaurri_core_image_size_portrait size-emaurri_core_image_size_portrait\" alt=\"\" \/><\/a>\n\t\t\t<\/dt><\/dl><dl class='gallery-item'>\n\t\t\t<dt class='gallery-icon landscape'>\n\t\t\t\t<a data-elementor-open-lightbox=\"yes\" data-elementor-lightbox-slideshow=\"7ef74b3\" data-elementor-lightbox-title=\"salonik 1\" data-e-action-hash=\"#elementor-action%3Aaction%3Dlightbox%26settings%3DeyJpZCI6ODYzNiwidXJsIjoiaHR0cHM6XC9cL2xvY3VtZGVjby5jb21cL3dwLWNvbnRlbnRcL3VwbG9hZHNcLzIwMjNcLzA4XC9zYWxvbmlrLTEucG5nIiwic2xpZGVzaG93IjoiN2VmNzRiMyJ9\" href='https:\/\/locumdeco.com\/wp-content\/uploads\/2023\/08\/salonik-1.png'><img decoding=\"async\" width=\"650\" height=\"1024\" src=\"https:\/\/locumdeco.com\/wp-content\/uploads\/2023\/08\/salonik-1-650x1024.png\" class=\"attachment-emaurri_core_image_size_portrait size-emaurri_core_image_size_portrait\" alt=\"\" \/><\/a>\n\t\t\t<\/dt><\/dl><br style=\"clear: both\" \/>\n\t\t<\/div>\n\t\t<\/div>\n\t\t\t\t\t\t<\/div>\n\t\t\t\t<\/div>\n\t\t\t\t<div class=\"elementor-element elementor-element-d89f4eb elementor-widget elementor-widget-text-editor\" data-id=\"d89f4eb\" data-element_type=\"widget\" data-widget_type=\"text-editor.default\">\n\t\t\t\t<div class=\"elementor-widget-container\">\n\t\t\t\t\t\t\t\t\t<p>Przechowywanie w ma\u0142ym mieszkaniu nie musi by\u0107 uci\u0105\u017cliwe ani przyt\u0142aczaj\u0105ce. Istnieje wiele kreatywnych rozwi\u0105za\u0144, kt\u00f3re mog\u0105 pom\u00f3c w utrzymaniu porz\u0105dku i jednocze\u015bnie dodaj\u0105 uroku wn\u0119trzu. Na przyk\u0142ad, mo\u017cna wykorzysta\u0107 ozdobne skrzynki lub kosze jako elementy dekoracyjne, kt\u00f3re jednocze\u015bnie pe\u0142ni\u0105 funkcj\u0119 przechowywania. Mo\u017cna r\u00f3wnie\u017c zainwestowa\u0107 w meble z wbudowanymi szafkami lub szufladami, kt\u00f3re s\u0105 dyskretne i nie zajmuj\u0105 dodatkowej przestrzeni. Wa\u017cne jest tak\u017ce utrzymanie porz\u0105dku na bie\u017c\u0105co, aby unikn\u0105\u0107 nagromadzenia zb\u0119dnych przedmiot\u00f3w. Przechowywanie mo\u017ce by\u0107 przyjemnym procesem, kt\u00f3ry pozwala cieszy\u0107 si\u0119 czystym i uporz\u0105dkowanym wn\u0119trzem.<\/p>\t\t\t\t\t\t\t\t<\/div>\n\t\t\t\t<\/div>\n\t\t\t\t\t<\/div>\n\t\t<\/div>\n\t\t\t\t\t<\/div>\n\t\t<\/section>\n\t\t\t\t<section class=\"elementor-section elementor-top-section elementor-element elementor-element-c710484 elementor-section-boxed elementor-section-height-default elementor-section-height-default qodef-elementor-content-no\" data-id=\"c710484\" data-element_type=\"section\">\n\t\t\t\t\t\t<div class=\"elementor-container elementor-column-gap-default\">\n\t\t\t\t\t<div class=\"elementor-column elementor-col-100 elementor-top-column elementor-element elementor-element-65a9d93\" data-id=\"65a9d93\" data-element_type=\"column\">\n\t\t\t<div class=\"elementor-widget-wrap elementor-element-populated\">\n\t\t\t\t\t\t<div class=\"elementor-element elementor-element-edb46c9 elementor-widget elementor-widget-heading\" data-id=\"edb46c9\" data-element_type=\"widget\" data-widget_type=\"heading.default\">\n\t\t\t\t<div class=\"elementor-widget-container\">\n\t\t\t\t\t<h4 class=\"elementor-heading-title elementor-size-default\">Wyb\u00f3r funkcjonalnych mebli<\/h4>\t\t\t\t<\/div>\n\t\t\t\t<\/div>\n\t\t\t\t<div class=\"elementor-element elementor-element-273a4f6 elementor-widget elementor-widget-text-editor\" data-id=\"273a4f6\" data-element_type=\"widget\" data-widget_type=\"text-editor.default\">\n\t\t\t\t<div class=\"elementor-widget-container\">\n\t\t\t\t\t\t\t\t\t<p>Wyb\u00f3r funkcjonalnych mebli do pierwszego mieszkania jest bardzo wa\u017cnym elementem aran\u017cacji wn\u0119trza. Przede wszystkim nale\u017cy zwr\u00f3ci\u0107 uwag\u0119 na wielko\u015b\u0107 pomieszcze\u0144 i dost\u0119pne przestrzenie. W ma\u0142ych mieszkaniach warto postawi\u0107 na meble wielofunkcyjne, takie jak \u0142\u00f3\u017cka z pojemnikiem na po\u015bciel czy stoliki kawowe z szufladami. Dzi\u0119ki temu mo\u017cna maksymalnie wykorzysta\u0107 dost\u0119pn\u0105 przestrze\u0144 i zapewni\u0107 sobie dodatkowe miejsce do przechowywania.<\/p>\t\t\t\t\t\t\t\t<\/div>\n\t\t\t\t<\/div>\n\t\t\t\t<div class=\"elementor-element elementor-element-f7e032e elementor-widget elementor-widget-image-gallery\" data-id=\"f7e032e\" data-element_type=\"widget\" data-widget_type=\"image-gallery.default\">\n\t\t\t\t<div class=\"elementor-widget-container\">\n\t\t\t\t\t\t\t<div class=\"elementor-image-gallery\">\n\t\t\t\n\t\t<style type=\"text\/css\">\n\t\t\t#gallery-2 {\n\t\t\t\tmargin: auto;\n\t\t\t}\n\t\t\t#gallery-2 .gallery-item {\n\t\t\t\tfloat: left;\n\t\t\t\tmargin-top: 10px;\n\t\t\t\ttext-align: center;\n\t\t\t\twidth: 50%;\n\t\t\t}\n\t\t\t#gallery-2 img {\n\t\t\t\tborder: 2px solid #cfcfcf;\n\t\t\t}\n\t\t\t#gallery-2 .gallery-caption {\n\t\t\t\tmargin-left: 0;\n\t\t\t}\n\t\t\t\/* see gallery_shortcode() in wp-includes\/media.php *\/\n\t\t<\/style>\n\t\t<div id='gallery-2' class='gallery galleryid-8662 gallery-columns-2 gallery-size-emaurri_core_image_size_portrait'><dl class='gallery-item'>\n\t\t\t<dt class='gallery-icon landscape'>\n\t\t\t\t<a data-elementor-open-lightbox=\"yes\" data-elementor-lightbox-slideshow=\"f7e032e\" data-elementor-lightbox-title=\"home office\" data-e-action-hash=\"#elementor-action%3Aaction%3Dlightbox%26settings%3DeyJpZCI6ODY0MCwidXJsIjoiaHR0cHM6XC9cL2xvY3VtZGVjby5jb21cL3dwLWNvbnRlbnRcL3VwbG9hZHNcLzIwMjNcLzA4XC9ob21lLW9mZmljZS5wbmciLCJzbGlkZXNob3ciOiJmN2UwMzJlIn0%3D\" href='https:\/\/locumdeco.com\/wp-content\/uploads\/2023\/08\/home-office.png'><img loading=\"lazy\" decoding=\"async\" width=\"650\" height=\"1024\" src=\"https:\/\/locumdeco.com\/wp-content\/uploads\/2023\/08\/home-office-650x1024.png\" class=\"attachment-emaurri_core_image_size_portrait size-emaurri_core_image_size_portrait\" alt=\"\" \/><\/a>\n\t\t\t<\/dt><\/dl><dl class='gallery-item'>\n\t\t\t<dt class='gallery-icon landscape'>\n\t\t\t\t<a data-elementor-open-lightbox=\"yes\" data-elementor-lightbox-slideshow=\"f7e032e\" data-elementor-lightbox-title=\"sypialnia\" data-e-action-hash=\"#elementor-action%3Aaction%3Dlightbox%26settings%3DeyJpZCI6ODYzOCwidXJsIjoiaHR0cHM6XC9cL2xvY3VtZGVjby5jb21cL3dwLWNvbnRlbnRcL3VwbG9hZHNcLzIwMjNcLzA4XC9zeXBpYWxuaWEucG5nIiwic2xpZGVzaG93IjoiZjdlMDMyZSJ9\" href='https:\/\/locumdeco.com\/wp-content\/uploads\/2023\/08\/sypialnia.png'><img loading=\"lazy\" decoding=\"async\" width=\"650\" height=\"1024\" src=\"https:\/\/locumdeco.com\/wp-content\/uploads\/2023\/08\/sypialnia-650x1024.png\" class=\"attachment-emaurri_core_image_size_portrait size-emaurri_core_image_size_portrait\" alt=\"\" \/><\/a>\n\t\t\t<\/dt><\/dl><br style=\"clear: both\" \/>\n\t\t<\/div>\n\t\t<\/div>\n\t\t\t\t\t\t<\/div>\n\t\t\t\t<\/div>\n\t\t\t\t<div class=\"elementor-element elementor-element-0ff7b13 elementor-widget elementor-widget-text-editor\" data-id=\"0ff7b13\" data-element_type=\"widget\" data-widget_type=\"text-editor.default\">\n\t\t\t\t<div class=\"elementor-widget-container\">\n\t\t\t\t\t\t\t\t\t<p>Kolejnym wa\u017cnym aspektem przy wyborze mebli do pierwszego mieszkania jest ich styl i design. Warto zastanowi\u0107 si\u0119 nad tym, jaki charakter chcemy nada\u0107 naszemu wn\u0119trzu. Czy preferujemy nowoczesne, minimalistyczne meble czy mo\u017ce bardziej klasyczny styl? Wa\u017cne jest r\u00f3wnie\u017c dopasowanie mebli do reszty wystroju wn\u0119trza, tak aby tworzy\u0142y sp\u00f3jn\u0105 ca\u0142o\u015b\u0107. Dobrze dobrany zestaw mebli mo\u017ce odmieni\u0107 nawet najmniejsze mieszkanie i sprawi\u0107, \u017ce b\u0119dzie ono funkcjonalne i estetyczne. Nie zapominajmy tak\u017ce o ergonomii. Meble powinny by\u0107 nie tylko \u0142adne, ale przede wszystkim wygodne i praktyczne w u\u017cytkowaniu. Wygodna kanapa czy fotel to podstawa, je\u015bli chcemy czu\u0107 si\u0119 komfortowo w naszym nowym mieszkaniu. Warto r\u00f3wnie\u017c zwr\u00f3ci\u0107 uwag\u0119 na wysoko\u015b\u0107 sto\u0142\u00f3w czy krzese\u0142, aby by\u0142y one dopasowane do naszego wzrostu i zapewnia\u0142y wygodne siedzenie. Funkcjonalno\u015b\u0107 mebli to kluczowy element przy urz\u0105dzaniu wn\u0119trza, kt\u00f3ry wp\u0142ywa na nasze codzienne \u017cycie.\u00a0<\/p>\t\t\t\t\t\t\t\t<\/div>\n\t\t\t\t<\/div>\n\t\t\t\t\t<\/div>\n\t\t<\/div>\n\t\t\t\t\t<\/div>\n\t\t<\/section>\n\t\t\t\t<section class=\"elementor-section elementor-top-section elementor-element elementor-element-878bb59 elementor-section-boxed elementor-section-height-default elementor-section-height-default qodef-elementor-content-no\" data-id=\"878bb59\" data-element_type=\"section\">\n\t\t\t\t\t\t<div class=\"elementor-container elementor-column-gap-default\">\n\t\t\t\t\t<div class=\"elementor-column elementor-col-100 elementor-top-column elementor-element elementor-element-6a6acb5\" data-id=\"6a6acb5\" data-element_type=\"column\">\n\t\t\t<div class=\"elementor-widget-wrap elementor-element-populated\">\n\t\t\t\t\t\t<div class=\"elementor-element elementor-element-58fa676 elementor-widget elementor-widget-heading\" data-id=\"58fa676\" data-element_type=\"widget\" data-widget_type=\"heading.default\">\n\t\t\t\t<div class=\"elementor-widget-container\">\n\t\t\t\t\t<h5 class=\"elementor-heading-title elementor-size-default\">Wyb\u00f3r odpowiednich tkanin i tekstyli\u00f3w<\/h5>\t\t\t\t<\/div>\n\t\t\t\t<\/div>\n\t\t\t\t\t<\/div>\n\t\t<\/div>\n\t\t\t\t\t<\/div>\n\t\t<\/section>\n\t\t\t\t<section class=\"elementor-section elementor-top-section elementor-element elementor-element-d93dcd3 elementor-section-boxed elementor-section-height-default elementor-section-height-default qodef-elementor-content-no\" data-id=\"d93dcd3\" data-element_type=\"section\">\n\t\t\t\t\t\t<div class=\"elementor-container elementor-column-gap-default\">\n\t\t\t\t\t<div class=\"elementor-column elementor-col-100 elementor-top-column elementor-element elementor-element-282fa3d\" data-id=\"282fa3d\" data-element_type=\"column\">\n\t\t\t<div class=\"elementor-widget-wrap elementor-element-populated\">\n\t\t\t\t\t\t<div class=\"elementor-element elementor-element-9e003ed elementor-widget elementor-widget-text-editor\" data-id=\"9e003ed\" data-element_type=\"widget\" data-widget_type=\"text-editor.default\">\n\t\t\t\t<div class=\"elementor-widget-container\">\n\t\t\t\t\t\t\t\t\t<p>Tkaniny mog\u0105 doda\u0107 ciep\u0142a, koloru i charakteru ka\u017cdemu pomieszczeniu. Przy wyborze tkanin warto zwr\u00f3ci\u0107 uwag\u0119 na ich jako\u015b\u0107 oraz trwa\u0142o\u015b\u0107. Dobrze wykonane tkaniny b\u0119d\u0105 s\u0142u\u017cy\u0142y przez wiele lat, a jednocze\u015bnie b\u0119d\u0105 estetycznym dodatkiem do naszego wn\u0119trza.<\/p>\t\t\t\t\t\t\t\t<\/div>\n\t\t\t\t<\/div>\n\t\t\t\t<div class=\"elementor-element elementor-element-b08be41 elementor-widget elementor-widget-text-editor\" data-id=\"b08be41\" data-element_type=\"widget\" data-widget_type=\"text-editor.default\">\n\t\t\t\t<div class=\"elementor-widget-container\">\n\t\t\t\t\t\t\t\t\t<p>Kolejnym aspektem, na kt\u00f3ry warto zwr\u00f3ci\u0107 uwag\u0119 przy wyborze tkanin i tekstyli\u00f3w, jest ich funkcjonalno\u015b\u0107. W zale\u017cno\u015bci od potrzeb i stylu \u017cycia, mo\u017cemy wybra\u0107 tkaniny \u0142atwe w utrzymaniu czysto\u015bci, odporne na plamy czy te\u017c antyalergiczne. Wa\u017cne jest r\u00f3wnie\u017c dopasowanie tkanin do konkretnej funkcji danego pomieszczenia. Na przyk\u0142ad w sypialni warto postawi\u0107 na mi\u0119kkie i delikatne materia\u0142y, kt\u00f3re zapewni\u0105 nam komfortowy sen.<\/p>\t\t\t\t\t\t\t\t<\/div>\n\t\t\t\t<\/div>\n\t\t\t\t<div class=\"elementor-element elementor-element-db64e4b elementor-widget elementor-widget-image-gallery\" data-id=\"db64e4b\" data-element_type=\"widget\" data-widget_type=\"image-gallery.default\">\n\t\t\t\t<div class=\"elementor-widget-container\">\n\t\t\t\t\t\t\t<div class=\"elementor-image-gallery\">\n\t\t\t\n\t\t<style type=\"text\/css\">\n\t\t\t#gallery-3 {\n\t\t\t\tmargin: auto;\n\t\t\t}\n\t\t\t#gallery-3 .gallery-item {\n\t\t\t\tfloat: left;\n\t\t\t\tmargin-top: 10px;\n\t\t\t\ttext-align: center;\n\t\t\t\twidth: 50%;\n\t\t\t}\n\t\t\t#gallery-3 img {\n\t\t\t\tborder: 2px solid #cfcfcf;\n\t\t\t}\n\t\t\t#gallery-3 .gallery-caption {\n\t\t\t\tmargin-left: 0;\n\t\t\t}\n\t\t\t\/* see gallery_shortcode() in wp-includes\/media.php *\/\n\t\t<\/style>\n\t\t<div id='gallery-3' class='gallery galleryid-8662 gallery-columns-2 gallery-size-emaurri_core_image_size_portrait'><dl class='gallery-item'>\n\t\t\t<dt class='gallery-icon landscape'>\n\t\t\t\t<a data-elementor-open-lightbox=\"yes\" data-elementor-lightbox-slideshow=\"db64e4b\" data-elementor-lightbox-title=\"sypialnia 2\" data-e-action-hash=\"#elementor-action%3Aaction%3Dlightbox%26settings%3DeyJpZCI6ODY0MiwidXJsIjoiaHR0cHM6XC9cL2xvY3VtZGVjby5jb21cL3dwLWNvbnRlbnRcL3VwbG9hZHNcLzIwMjNcLzA4XC9zeXBpYWxuaWEtMi5wbmciLCJzbGlkZXNob3ciOiJkYjY0ZTRiIn0%3D\" href='https:\/\/locumdeco.com\/wp-content\/uploads\/2023\/08\/sypialnia-2.png'><img loading=\"lazy\" decoding=\"async\" width=\"650\" height=\"1024\" src=\"https:\/\/locumdeco.com\/wp-content\/uploads\/2023\/08\/sypialnia-2-650x1024.png\" class=\"attachment-emaurri_core_image_size_portrait size-emaurri_core_image_size_portrait\" alt=\"\" \/><\/a>\n\t\t\t<\/dt><\/dl><dl class='gallery-item'>\n\t\t\t<dt class='gallery-icon landscape'>\n\t\t\t\t<a data-elementor-open-lightbox=\"yes\" data-elementor-lightbox-slideshow=\"db64e4b\" data-elementor-lightbox-title=\"sypialnia 3\" data-e-action-hash=\"#elementor-action%3Aaction%3Dlightbox%26settings%3DeyJpZCI6ODY0MywidXJsIjoiaHR0cHM6XC9cL2xvY3VtZGVjby5jb21cL3dwLWNvbnRlbnRcL3VwbG9hZHNcLzIwMjNcLzA4XC9zeXBpYWxuaWEtMy5wbmciLCJzbGlkZXNob3ciOiJkYjY0ZTRiIn0%3D\" href='https:\/\/locumdeco.com\/wp-content\/uploads\/2023\/08\/sypialnia-3.png'><img loading=\"lazy\" decoding=\"async\" width=\"650\" height=\"1024\" src=\"https:\/\/locumdeco.com\/wp-content\/uploads\/2023\/08\/sypialnia-3-650x1024.png\" class=\"attachment-emaurri_core_image_size_portrait size-emaurri_core_image_size_portrait\" alt=\"\" \/><\/a>\n\t\t\t<\/dt><\/dl><br style=\"clear: both\" \/>\n\t\t<\/div>\n\t\t<\/div>\n\t\t\t\t\t\t<\/div>\n\t\t\t\t<\/div>\n\t\t\t\t<div class=\"elementor-element elementor-element-a709759 elementor-widget elementor-widget-text-editor\" data-id=\"a709759\" data-element_type=\"widget\" data-widget_type=\"text-editor.default\">\n\t\t\t\t<div class=\"elementor-widget-container\">\n\t\t\t\t\t\t\t\t\t<p>Nie mo\u017cna zapomnie\u0107 o wzornictwie i kolorystyce tkanin. Wybieraj\u0105c tekstylia do swojego pierwszego mieszkania, warto zastanowi\u0107 si\u0119 nad stylem aran\u017cacji wn\u0119trza oraz preferencjami estetycznymi. Mo\u017cemy postawi\u0107 na modne wzory i kolory lub bardziej klasyczne rozwi\u0105zania. Wa\u017cne jest jednak aby tkaniny harmonijnie komponowa\u0142y si\u0119 z reszt\u0105 wystroju wn\u0119trza, tworz\u0105c sp\u00f3jn\u0105 ca\u0142o\u015b\u0107.<\/p>\t\t\t\t\t\t\t\t<\/div>\n\t\t\t\t<\/div>\n\t\t\t\t\t<\/div>\n\t\t<\/div>\n\t\t\t\t\t<\/div>\n\t\t<\/section>\n\t\t\t\t<section class=\"elementor-section elementor-top-section elementor-element elementor-element-0dea48a elementor-section-boxed elementor-section-height-default elementor-section-height-default qodef-elementor-content-no\" data-id=\"0dea48a\" data-element_type=\"section\">\n\t\t\t\t\t\t<div class=\"elementor-container elementor-column-gap-default\">\n\t\t\t\t\t<div class=\"elementor-column elementor-col-100 elementor-top-column elementor-element elementor-element-92bf43b\" data-id=\"92bf43b\" data-element_type=\"column\">\n\t\t\t<div class=\"elementor-widget-wrap elementor-element-populated\">\n\t\t\t\t\t\t<div class=\"elementor-element elementor-element-22286b7 elementor-widget elementor-widget-heading\" data-id=\"22286b7\" data-element_type=\"widget\" data-widget_type=\"heading.default\">\n\t\t\t\t<div class=\"elementor-widget-container\">\n\t\t\t\t\t<h5 class=\"elementor-heading-title elementor-size-default\">O\u015bwietlenie \u2013 kluczowy element aran\u017cacji wn\u0119trza<\/h5>\t\t\t\t<\/div>\n\t\t\t\t<\/div>\n\t\t\t\t\t<\/div>\n\t\t<\/div>\n\t\t\t\t\t<\/div>\n\t\t<\/section>\n\t\t\t\t<section class=\"elementor-section elementor-top-section elementor-element elementor-element-26cf237 elementor-section-boxed elementor-section-height-default elementor-section-height-default qodef-elementor-content-no\" data-id=\"26cf237\" data-element_type=\"section\">\n\t\t\t\t\t\t<div class=\"elementor-container elementor-column-gap-default\">\n\t\t\t\t\t<div class=\"elementor-column elementor-col-100 elementor-top-column elementor-element elementor-element-76f987d\" data-id=\"76f987d\" data-element_type=\"column\">\n\t\t\t<div class=\"elementor-widget-wrap elementor-element-populated\">\n\t\t\t\t\t\t<div class=\"elementor-element elementor-element-ef1db97 elementor-widget elementor-widget-text-editor\" data-id=\"ef1db97\" data-element_type=\"widget\" data-widget_type=\"text-editor.default\">\n\t\t\t\t<div class=\"elementor-widget-container\">\n\t\t\t\t\t\t\t\t\t<p>O\u015bwietlenie jest jednym z kluczowych element\u00f3w aran\u017cacji wn\u0119trza, kt\u00f3re cz\u0119sto jest niedoceniane. Warto jednak po\u015bwi\u0119ci\u0107 mu odpowiedni\u0105 uwag\u0119, poniewa\u017c ma ogromny wp\u0142yw na atmosfer\u0119 i funkcjonalno\u015b\u0107 mieszkania. Przede wszystkim nale\u017cy pami\u0119ta\u0107 o r\u00f3\u017cnych rodzajach o\u015bwietlenia \u2013 og\u00f3lnym, punktowym i dekoracyjnym. Dzi\u0119ki temu mo\u017cna stworzy\u0107 r\u00f3\u017cne nastroje w poszczeg\u00f3lnych pomieszczeniach. Wa\u017cne jest r\u00f3wnie\u017c dobranie odpowiedniej mocy \u015bwiat\u0142a do konkretnych zada\u0144 \u2013 na przyk\u0142ad mocniejsze \u015bwiat\u0142o w kuchni czy biurze, a bardziej stonowane i relaksuj\u0105ce w sypialni.<\/p><p>\u00a0<\/p><p>Kolejnym aspektem, na kt\u00f3ry warto zwr\u00f3ci\u0107 uwag\u0119 przy aran\u017cacji o\u015bwietlenia, jest wyb\u00f3r odpowiednich lamp i \u017car\u00f3wek. Dobrze dobrane lampy mog\u0105 sta\u0107 si\u0119 nie tylko praktycznym \u017ar\u00f3d\u0142em \u015bwiat\u0142a, ale tak\u017ce ciekawym elementem dekoracyjnym. Mo\u017cna postawi\u0107 na designerskie lampy wisz\u0105ce nad sto\u0142em jadalnym lub stoj\u0105ce przy kanapie w salonie. Wa\u017cne jest r\u00f3wnie\u017c dostosowanie \u017car\u00f3wek do potrzeb \u2013 mo\u017cna wybra\u0107 energooszcz\u0119dne LED-y lub bardziej tradycyjne \u017car\u00f3wki halogenowe.<\/p><p>\u00a0<\/p><p>Nie zapominajmy tak\u017ce o naturalnym \u015bwietle \u2013 to ono nadaje wn\u0119trzu \u017cycia i sprawia, \u017ce czujemy si\u0119 w nim lepiej. Warto wi\u0119c zadba\u0107 o odpowiednie rozmieszczenie okien i zas\u0142on, aby maksymalnie wykorzysta\u0107 dost\u0119pne \u015bwiat\u0142o dzienne. Dobrze dobrane zas\u0142ony mog\u0105 r\u00f3wnie\u017c pe\u0142ni\u0107 funkcj\u0119 dekoracyjn\u0105 i nadawa\u0107 wn\u0119trzu charakteru. Pami\u0119tajmy jednak, \u017ceby nie przesadza\u0107 z ilo\u015bci\u0105 tkanin na oknach, aby nie przyt\u0142oczy\u0107 pomieszczenia.<\/p>\t\t\t\t\t\t\t\t<\/div>\n\t\t\t\t<\/div>\n\t\t\t\t<div class=\"elementor-element elementor-element-c69d4eb elementor-widget elementor-widget-image-gallery\" data-id=\"c69d4eb\" data-element_type=\"widget\" data-widget_type=\"image-gallery.default\">\n\t\t\t\t<div class=\"elementor-widget-container\">\n\t\t\t\t\t\t\t<div class=\"elementor-image-gallery\">\n\t\t\t\n\t\t<style type=\"text\/css\">\n\t\t\t#gallery-4 {\n\t\t\t\tmargin: auto;\n\t\t\t}\n\t\t\t#gallery-4 .gallery-item {\n\t\t\t\tfloat: left;\n\t\t\t\tmargin-top: 10px;\n\t\t\t\ttext-align: center;\n\t\t\t\twidth: 33%;\n\t\t\t}\n\t\t\t#gallery-4 img {\n\t\t\t\tborder: 2px solid #cfcfcf;\n\t\t\t}\n\t\t\t#gallery-4 .gallery-caption {\n\t\t\t\tmargin-left: 0;\n\t\t\t}\n\t\t\t\/* see gallery_shortcode() in wp-includes\/media.php *\/\n\t\t<\/style>\n\t\t<div id='gallery-4' class='gallery galleryid-8662 gallery-columns-3 gallery-size-emaurri_core_image_size_portrait'><dl class='gallery-item'>\n\t\t\t<dt class='gallery-icon landscape'>\n\t\t\t\t<a data-elementor-open-lightbox=\"yes\" data-elementor-lightbox-slideshow=\"c69d4eb\" data-elementor-lightbox-title=\"lampa nad sto\u0142em\" data-e-action-hash=\"#elementor-action%3Aaction%3Dlightbox%26settings%3DeyJpZCI6ODY0NCwidXJsIjoiaHR0cHM6XC9cL2xvY3VtZGVjby5jb21cL3dwLWNvbnRlbnRcL3VwbG9hZHNcLzIwMjNcLzA4XC9sYW1wYS1uYWQtc3RvbGVtLnBuZyIsInNsaWRlc2hvdyI6ImM2OWQ0ZWIifQ%3D%3D\" href='https:\/\/locumdeco.com\/wp-content\/uploads\/2023\/08\/lampa-nad-stolem.png'><img loading=\"lazy\" decoding=\"async\" width=\"650\" height=\"1024\" src=\"https:\/\/locumdeco.com\/wp-content\/uploads\/2023\/08\/lampa-nad-stolem-650x1024.png\" class=\"attachment-emaurri_core_image_size_portrait size-emaurri_core_image_size_portrait\" alt=\"\" \/><\/a>\n\t\t\t<\/dt><\/dl><dl class='gallery-item'>\n\t\t\t<dt class='gallery-icon landscape'>\n\t\t\t\t<a data-elementor-open-lightbox=\"yes\" data-elementor-lightbox-slideshow=\"c69d4eb\" data-elementor-lightbox-title=\"salonik modern\" data-e-action-hash=\"#elementor-action%3Aaction%3Dlightbox%26settings%3DeyJpZCI6ODY0NSwidXJsIjoiaHR0cHM6XC9cL2xvY3VtZGVjby5jb21cL3dwLWNvbnRlbnRcL3VwbG9hZHNcLzIwMjNcLzA4XC9zYWxvbmlrLW1vZGVybi5wbmciLCJzbGlkZXNob3ciOiJjNjlkNGViIn0%3D\" href='https:\/\/locumdeco.com\/wp-content\/uploads\/2023\/08\/salonik-modern.png'><img loading=\"lazy\" decoding=\"async\" width=\"650\" height=\"1024\" src=\"https:\/\/locumdeco.com\/wp-content\/uploads\/2023\/08\/salonik-modern-650x1024.png\" class=\"attachment-emaurri_core_image_size_portrait size-emaurri_core_image_size_portrait\" alt=\"\" \/><\/a>\n\t\t\t<\/dt><\/dl><dl class='gallery-item'>\n\t\t\t<dt class='gallery-icon landscape'>\n\t\t\t\t<a data-elementor-open-lightbox=\"yes\" data-elementor-lightbox-slideshow=\"c69d4eb\" data-elementor-lightbox-title=\"balkon 1\" data-e-action-hash=\"#elementor-action%3Aaction%3Dlightbox%26settings%3DeyJpZCI6ODY0NiwidXJsIjoiaHR0cHM6XC9cL2xvY3VtZGVjby5jb21cL3dwLWNvbnRlbnRcL3VwbG9hZHNcLzIwMjNcLzA4XC9iYWxrb24tMS5wbmciLCJzbGlkZXNob3ciOiJjNjlkNGViIn0%3D\" href='https:\/\/locumdeco.com\/wp-content\/uploads\/2023\/08\/balkon-1.png'><img loading=\"lazy\" decoding=\"async\" width=\"650\" height=\"1024\" src=\"https:\/\/locumdeco.com\/wp-content\/uploads\/2023\/08\/balkon-1-650x1024.png\" class=\"attachment-emaurri_core_image_size_portrait size-emaurri_core_image_size_portrait\" alt=\"\" \/><\/a>\n\t\t\t<\/dt><\/dl><br style=\"clear: both\" \/>\n\t\t<\/div>\n\t\t<\/div>\n\t\t\t\t\t\t<\/div>\n\t\t\t\t<\/div>\n\t\t\t\t\t<\/div>\n\t\t<\/div>\n\t\t\t\t\t<\/div>\n\t\t<\/section>\n\t\t\t\t<section class=\"elementor-section elementor-top-section elementor-element elementor-element-ab27858 elementor-section-boxed elementor-section-height-default elementor-section-height-default qodef-elementor-content-no\" data-id=\"ab27858\" data-element_type=\"section\">\n\t\t\t\t\t\t<div class=\"elementor-container elementor-column-gap-default\">\n\t\t\t\t\t<div class=\"elementor-column elementor-col-100 elementor-top-column elementor-element elementor-element-6f78f64\" data-id=\"6f78f64\" data-element_type=\"column\">\n\t\t\t<div class=\"elementor-widget-wrap elementor-element-populated\">\n\t\t\t\t\t\t<div class=\"elementor-element elementor-element-687f0f5 elementor-widget elementor-widget-heading\" data-id=\"687f0f5\" data-element_type=\"widget\" data-widget_type=\"heading.default\">\n\t\t\t\t<div class=\"elementor-widget-container\">\n\t\t\t\t\t<h5 class=\"elementor-heading-title elementor-size-default\">Jak dostosowa\u0107 kolorystyk\u0119 wn\u0119trza do swojego stylu \u017cycia<\/h5>\t\t\t\t<\/div>\n\t\t\t\t<\/div>\n\t\t\t\t\t<\/div>\n\t\t<\/div>\n\t\t\t\t\t<\/div>\n\t\t<\/section>\n\t\t\t\t<section class=\"elementor-section elementor-top-section elementor-element elementor-element-9335b2e elementor-section-boxed elementor-section-height-default elementor-section-height-default qodef-elementor-content-no\" data-id=\"9335b2e\" data-element_type=\"section\">\n\t\t\t\t\t\t<div class=\"elementor-container elementor-column-gap-default\">\n\t\t\t\t\t<div class=\"elementor-column elementor-col-100 elementor-top-column elementor-element elementor-element-d058c19\" data-id=\"d058c19\" data-element_type=\"column\">\n\t\t\t<div class=\"elementor-widget-wrap elementor-element-populated\">\n\t\t\t\t\t\t<div class=\"elementor-element elementor-element-ca0ec51 elementor-widget elementor-widget-text-editor\" data-id=\"ca0ec51\" data-element_type=\"widget\" data-widget_type=\"text-editor.default\">\n\t\t\t\t<div class=\"elementor-widget-container\">\n\t\t\t\t\t\t\t\t\t<p>Pierwszym krokiem jest okre\u015blenie naszych preferencji i emocji, kt\u00f3re chcemy wyrazi\u0107 poprzez kolory. Je\u015bli jeste\u015bmy osobami aktywnymi i pe\u0142nymi energii, warto postawi\u0107 na jasne odcienie \u017c\u00f3\u0142ci lub pomara\u0144czy, kt\u00f3re pobudz\u0105 nasz\u0105 kreatywno\u015b\u0107 i dodadz\u0105 pozytywnej atmosfery w mieszkaniu. Natomiast je\u015bli preferujemy spok\u00f3j i relaks, najlepszym wyborem b\u0119d\u0105 stonowane kolory ziemi, takie jak be\u017ce czy br\u0105zy.<\/p><p>\u00a0<\/p><p>Kolejnym aspektem, kt\u00f3ry nale\u017cy wzi\u0105\u0107 pod uwag\u0119 przy dostosowywaniu kolorystyki wn\u0119trza do swojego stylu \u017cycia, jest rozmiar mieszkania. W przypadku ma\u0142ych przestrzeni zaleca si\u0119 stosowanie jasnych barw, kt\u00f3re optycznie powi\u0119ksz\u0105 pomieszczenie. Bia\u0142e \u015bciany s\u0105 idealnym rozwi\u0105zaniem dla os\u00f3b ceni\u0105cych minimalizm i prostot\u0119. Je\u015bli jednak posiadamy wi\u0119ksze mieszkanie, mo\u017cemy odwa\u017cy\u0107 si\u0119 na bardziej intensywne kolory, kt\u00f3re nadadz\u0105 charakteru i wyrazisto\u015bci ca\u0142emu wn\u0119trzu.<\/p><p>\u00a0<\/p><p>Niezale\u017cnie od naszego stylu \u017cycia i preferencji estetycznych, wa\u017cne jest r\u00f3wnie\u017c dopasowanie kolor\u00f3w do funkcji poszczeg\u00f3lnych pomieszcze\u0144. Na przyk\u0142ad, je\u015bli nasza sypialnia ma by\u0107 miejscem relaksu i wyciszenia, warto wybra\u0107 spokojne kolory, takie jak pastele czy delikatne odcienie niebieskiego. Natomiast w kuchni, gdzie sp\u0119dzamy du\u017co czasu gotuj\u0105c i przygotowuj\u0105c posi\u0142ki, mo\u017cemy postawi\u0107 na bardziej energetyczne kolory, kt\u00f3re pobudz\u0105 nasz\u0105 kreatywno\u015b\u0107 i apetyt.<\/p>\t\t\t\t\t\t\t\t<\/div>\n\t\t\t\t<\/div>\n\t\t\t\t<div class=\"elementor-element elementor-element-2ed00c6 elementor-widget elementor-widget-image-gallery\" data-id=\"2ed00c6\" data-element_type=\"widget\" data-widget_type=\"image-gallery.default\">\n\t\t\t\t<div class=\"elementor-widget-container\">\n\t\t\t\t\t\t\t<div class=\"elementor-image-gallery\">\n\t\t\t\n\t\t<style type=\"text\/css\">\n\t\t\t#gallery-5 {\n\t\t\t\tmargin: auto;\n\t\t\t}\n\t\t\t#gallery-5 .gallery-item {\n\t\t\t\tfloat: left;\n\t\t\t\tmargin-top: 10px;\n\t\t\t\ttext-align: center;\n\t\t\t\twidth: 50%;\n\t\t\t}\n\t\t\t#gallery-5 img {\n\t\t\t\tborder: 2px solid #cfcfcf;\n\t\t\t}\n\t\t\t#gallery-5 .gallery-caption {\n\t\t\t\tmargin-left: 0;\n\t\t\t}\n\t\t\t\/* see gallery_shortcode() in wp-includes\/media.php *\/\n\t\t<\/style>\n\t\t<div id='gallery-5' class='gallery galleryid-8662 gallery-columns-2 gallery-size-emaurri_core_image_size_portrait'><dl class='gallery-item'>\n\t\t\t<dt class='gallery-icon landscape'>\n\t\t\t\t<a data-elementor-open-lightbox=\"yes\" data-elementor-lightbox-slideshow=\"2ed00c6\" data-elementor-lightbox-title=\"\u0142azienka\" data-e-action-hash=\"#elementor-action%3Aaction%3Dlightbox%26settings%3DeyJpZCI6ODY0OCwidXJsIjoiaHR0cHM6XC9cL2xvY3VtZGVjby5jb21cL3dwLWNvbnRlbnRcL3VwbG9hZHNcLzIwMjNcLzA4XC9sYXppZW5rYS5wbmciLCJzbGlkZXNob3ciOiIyZWQwMGM2In0%3D\" href='https:\/\/locumdeco.com\/wp-content\/uploads\/2023\/08\/lazienka.png'><img loading=\"lazy\" decoding=\"async\" width=\"650\" height=\"1024\" src=\"https:\/\/locumdeco.com\/wp-content\/uploads\/2023\/08\/lazienka-650x1024.png\" class=\"attachment-emaurri_core_image_size_portrait size-emaurri_core_image_size_portrait\" alt=\"\" \/><\/a>\n\t\t\t<\/dt><\/dl><dl class='gallery-item'>\n\t\t\t<dt class='gallery-icon landscape'>\n\t\t\t\t<a data-elementor-open-lightbox=\"yes\" data-elementor-lightbox-slideshow=\"2ed00c6\" data-elementor-lightbox-title=\"kuchnia 1\" data-e-action-hash=\"#elementor-action%3Aaction%3Dlightbox%26settings%3DeyJpZCI6ODY1MCwidXJsIjoiaHR0cHM6XC9cL2xvY3VtZGVjby5jb21cL3dwLWNvbnRlbnRcL3VwbG9hZHNcLzIwMjNcLzA4XC9rdWNobmlhLTEtMS5wbmciLCJzbGlkZXNob3ciOiIyZWQwMGM2In0%3D\" href='https:\/\/locumdeco.com\/wp-content\/uploads\/2023\/08\/kuchnia-1-1.png'><img loading=\"lazy\" decoding=\"async\" width=\"650\" height=\"1024\" src=\"https:\/\/locumdeco.com\/wp-content\/uploads\/2023\/08\/kuchnia-1-1-650x1024.png\" class=\"attachment-emaurri_core_image_size_portrait size-emaurri_core_image_size_portrait\" alt=\"\" \/><\/a>\n\t\t\t<\/dt><\/dl><br style=\"clear: both\" \/>\n\t\t<\/div>\n\t\t<\/div>\n\t\t\t\t\t\t<\/div>\n\t\t\t\t<\/div>\n\t\t\t\t\t<\/div>\n\t\t<\/div>\n\t\t\t\t\t<\/div>\n\t\t<\/section>\n\t\t\t\t<section class=\"elementor-section elementor-top-section elementor-element elementor-element-4e2f084 elementor-section-boxed elementor-section-height-default elementor-section-height-default qodef-elementor-content-no\" data-id=\"4e2f084\" data-element_type=\"section\">\n\t\t\t\t\t\t<div class=\"elementor-container elementor-column-gap-default\">\n\t\t\t\t\t<div class=\"elementor-column elementor-col-100 elementor-top-column elementor-element elementor-element-0cfa8c0\" data-id=\"0cfa8c0\" data-element_type=\"column\">\n\t\t\t<div class=\"elementor-widget-wrap elementor-element-populated\">\n\t\t\t\t\t\t<div class=\"elementor-element elementor-element-a9108fd elementor-widget elementor-widget-heading\" data-id=\"a9108fd\" data-element_type=\"widget\" data-widget_type=\"heading.default\">\n\t\t\t\t<div class=\"elementor-widget-container\">\n\t\t\t\t\t<h4 class=\"elementor-heading-title elementor-size-default\">Dodatki i dekoracje \u2013 jak stworzy\u0107 unikalny charakter swojego wn\u0119trza<\/h4>\t\t\t\t<\/div>\n\t\t\t\t<\/div>\n\t\t\t\t\t<\/div>\n\t\t<\/div>\n\t\t\t\t\t<\/div>\n\t\t<\/section>\n\t\t\t\t<section class=\"elementor-section elementor-top-section elementor-element elementor-element-40f649c elementor-section-boxed elementor-section-height-default elementor-section-height-default qodef-elementor-content-no\" data-id=\"40f649c\" data-element_type=\"section\">\n\t\t\t\t\t\t<div class=\"elementor-container elementor-column-gap-default\">\n\t\t\t\t\t<div class=\"elementor-column elementor-col-100 elementor-top-column elementor-element elementor-element-14fcd6b\" data-id=\"14fcd6b\" data-element_type=\"column\">\n\t\t\t<div class=\"elementor-widget-wrap elementor-element-populated\">\n\t\t\t\t\t\t<div class=\"elementor-element elementor-element-34f39cc elementor-widget elementor-widget-text-editor\" data-id=\"34f39cc\" data-element_type=\"widget\" data-widget_type=\"text-editor.default\">\n\t\t\t\t<div class=\"elementor-widget-container\">\n\t\t\t\t\t\t\t\t\t<p>Dodatki i dekoracje s\u0105 elementami, kt\u00f3re mog\u0105 nada\u0107 unikalny charakter naszemu wn\u0119trzu. Wyb\u00f3r odpowiednich dodatk\u00f3w mo\u017ce podkre\u015bli\u0107 nasz styl \u017cycia oraz zainteresowania. Wa\u017cne jest, aby wybra\u0107 takie elementy, kt\u00f3re b\u0119d\u0105 nam si\u0119 podoba\u0142y i kt\u00f3re b\u0119d\u0105 odzwierciedla\u0142y nasz\u0105 osobowo\u015b\u0107. Mo\u017cemy postawi\u0107 na oryginalne obrazy, plakaty czy rze\u017aby, kt\u00f3re b\u0119d\u0105 stanowi\u0142y centrum uwagi w naszym mieszkaniu.<\/p><p>\u00a0<\/p><p>Jednak warto pami\u0119ta\u0107 o umiarze &#8211; nie nale\u017cy przesadza\u0107 z ilo\u015bci\u0105 dekoracji, aby nie stworzy\u0107 przyt\u0142aczaj\u0105cego efektu. Wa\u017cne jest r\u00f3wnie\u017c dobranie odpowiednich kolor\u00f3w i motyw\u00f3w, kt\u00f3re b\u0119d\u0105 harmonizowa\u0107 ze stylem naszego wn\u0119trza. Na przyk\u0142ad, je\u015bli mamy minimalistyczne mieszkanie utrzymane w jasnych barwach, mo\u017cemy postawi\u0107 na proste i eleganckie dodatki w stonowanych kolorach.<\/p><p>\u00a0<\/p><p>Warto r\u00f3wnie\u017c pomy\u015ble\u0107 o personalizacji swojego wn\u0119trza poprzez dodanie element\u00f3w sentymentalnych. Mog\u0105 to by\u0107 zdj\u0119cia rodzinne czy pami\u0105tki z podr\u00f3\u017cy. Takie drobiazgi sprawi\u0105, \u017ce nasze mieszkanie nabierze indywidualnego charakteru i b\u0119dzie odzwierciedla\u0142o nasz\u0105 histori\u0119 oraz wspomnienia.<\/p>\t\t\t\t\t\t\t\t<\/div>\n\t\t\t\t<\/div>\n\t\t\t\t<div class=\"elementor-element elementor-element-43d0a2c elementor-widget elementor-widget-image-gallery\" data-id=\"43d0a2c\" data-element_type=\"widget\" data-widget_type=\"image-gallery.default\">\n\t\t\t\t<div class=\"elementor-widget-container\">\n\t\t\t\t\t\t\t<div class=\"elementor-image-gallery\">\n\t\t\t\n\t\t<style type=\"text\/css\">\n\t\t\t#gallery-6 {\n\t\t\t\tmargin: auto;\n\t\t\t}\n\t\t\t#gallery-6 .gallery-item {\n\t\t\t\tfloat: left;\n\t\t\t\tmargin-top: 10px;\n\t\t\t\ttext-align: center;\n\t\t\t\twidth: 33%;\n\t\t\t}\n\t\t\t#gallery-6 img {\n\t\t\t\tborder: 2px solid #cfcfcf;\n\t\t\t}\n\t\t\t#gallery-6 .gallery-caption {\n\t\t\t\tmargin-left: 0;\n\t\t\t}\n\t\t\t\/* see gallery_shortcode() in wp-includes\/media.php *\/\n\t\t<\/style>\n\t\t<div id='gallery-6' class='gallery galleryid-8662 gallery-columns-3 gallery-size-emaurri_core_image_size_portrait'><dl class='gallery-item'>\n\t\t\t<dt class='gallery-icon landscape'>\n\t\t\t\t<a data-elementor-open-lightbox=\"yes\" data-elementor-lightbox-slideshow=\"43d0a2c\" data-elementor-lightbox-title=\"artystyczne\" data-e-action-hash=\"#elementor-action%3Aaction%3Dlightbox%26settings%3DeyJpZCI6ODY1MSwidXJsIjoiaHR0cHM6XC9cL2xvY3VtZGVjby5jb21cL3dwLWNvbnRlbnRcL3VwbG9hZHNcLzIwMjNcLzA4XC9hcnR5c3R5Y3puZS5wbmciLCJzbGlkZXNob3ciOiI0M2QwYTJjIn0%3D\" href='https:\/\/locumdeco.com\/wp-content\/uploads\/2023\/08\/artystyczne.png'><img loading=\"lazy\" decoding=\"async\" width=\"650\" height=\"1024\" src=\"https:\/\/locumdeco.com\/wp-content\/uploads\/2023\/08\/artystyczne-650x1024.png\" class=\"attachment-emaurri_core_image_size_portrait size-emaurri_core_image_size_portrait\" alt=\"\" \/><\/a>\n\t\t\t<\/dt><\/dl><dl class='gallery-item'>\n\t\t\t<dt class='gallery-icon landscape'>\n\t\t\t\t<a data-elementor-open-lightbox=\"yes\" data-elementor-lightbox-slideshow=\"43d0a2c\" data-elementor-lightbox-title=\"przedpok\u00f3j 1\" data-e-action-hash=\"#elementor-action%3Aaction%3Dlightbox%26settings%3DeyJpZCI6ODY1MiwidXJsIjoiaHR0cHM6XC9cL2xvY3VtZGVjby5jb21cL3dwLWNvbnRlbnRcL3VwbG9hZHNcLzIwMjNcLzA4XC9wcnplZHBva29qLTEucG5nIiwic2xpZGVzaG93IjoiNDNkMGEyYyJ9\" href='https:\/\/locumdeco.com\/wp-content\/uploads\/2023\/08\/przedpokoj-1.png'><img loading=\"lazy\" decoding=\"async\" width=\"650\" height=\"1024\" src=\"https:\/\/locumdeco.com\/wp-content\/uploads\/2023\/08\/przedpokoj-1-650x1024.png\" class=\"attachment-emaurri_core_image_size_portrait size-emaurri_core_image_size_portrait\" alt=\"\" \/><\/a>\n\t\t\t<\/dt><\/dl><dl class='gallery-item'>\n\t\t\t<dt class='gallery-icon landscape'>\n\t\t\t\t<a data-elementor-open-lightbox=\"yes\" data-elementor-lightbox-slideshow=\"43d0a2c\" data-elementor-lightbox-title=\"salonik 2\" data-e-action-hash=\"#elementor-action%3Aaction%3Dlightbox%26settings%3DeyJpZCI6ODY1MywidXJsIjoiaHR0cHM6XC9cL2xvY3VtZGVjby5jb21cL3dwLWNvbnRlbnRcL3VwbG9hZHNcLzIwMjNcLzA4XC9zYWxvbmlrLTIucG5nIiwic2xpZGVzaG93IjoiNDNkMGEyYyJ9\" href='https:\/\/locumdeco.com\/wp-content\/uploads\/2023\/08\/salonik-2.png'><img loading=\"lazy\" decoding=\"async\" width=\"650\" height=\"1024\" src=\"https:\/\/locumdeco.com\/wp-content\/uploads\/2023\/08\/salonik-2-650x1024.png\" class=\"attachment-emaurri_core_image_size_portrait size-emaurri_core_image_size_portrait\" alt=\"\" \/><\/a>\n\t\t\t<\/dt><\/dl><br style=\"clear: both\" \/>\n\t\t<\/div>\n\t\t<\/div>\n\t\t\t\t\t\t<\/div>\n\t\t\t\t<\/div>\n\t\t\t\t\t<\/div>\n\t\t<\/div>\n\t\t\t\t\t<\/div>\n\t\t<\/section>\n\t\t\t\t<\/div>\n\t\t","protected":false},"excerpt":{"rendered":"<p>Je\u015bli w\u0142a\u015bnie rozpoczynasz swoj\u0105 przygod\u0119 z pierwszym w\u0142asnym mieszkaniem, to doskonale trafi\u0142a\u015b! Pragniemy podzieli\u0107 si\u0119 z Tob\u0105 praktycznymi poradami dotycz\u0105cymi maksymalnego wykorzystania przestrzeni, wyboru funkcjonalnych mebli oraz odpowiednich tkanin i tekstyli\u00f3w. Nie zapomnimy r\u00f3wnie\u017c o kluczowym elemencie &#8211; o\u015bwietleniu, kt\u00f3re odgrywa niezwykle istotn\u0105 rol\u0119 w aran\u017cacji wn\u0119trza. Ponadto, dowiesz si\u0119 jak dostosowa\u0107 kolorystyk\u0119 do swojego [&hellip;]<\/p>\n","protected":false},"author":1,"featured_media":8636,"comment_status":"open","ping_status":"open","sticky":false,"template":"","format":"standard","meta":{"footnotes":""},"categories":[58],"tags":[],"class_list":["post-8662","post","type-post","status-publish","format-standard","has-post-thumbnail","hentry","category-porady"],"_links":{"self":[{"href":"https:\/\/locumdeco.com\/index.php\/wp-json\/wp\/v2\/posts\/8662","targetHints":{"allow":["GET"]}}],"collection":[{"href":"https:\/\/locumdeco.com\/index.php\/wp-json\/wp\/v2\/posts"}],"about":[{"href":"https:\/\/locumdeco.com\/index.php\/wp-json\/wp\/v2\/types\/post"}],"author":[{"embeddable":true,"href":"https:\/\/locumdeco.com\/index.php\/wp-json\/wp\/v2\/users\/1"}],"replies":[{"embeddable":true,"href":"https:\/\/locumdeco.com\/index.php\/wp-json\/wp\/v2\/comments?post=8662"}],"version-history":[{"count":5,"href":"https:\/\/locumdeco.com\/index.php\/wp-json\/wp\/v2\/posts\/8662\/revisions"}],"predecessor-version":[{"id":8667,"href":"https:\/\/locumdeco.com\/index.php\/wp-json\/wp\/v2\/posts\/8662\/revisions\/8667"}],"wp:featuredmedia":[{"embeddable":true,"href":"https:\/\/locumdeco.com\/index.php\/wp-json\/wp\/v2\/media\/8636"}],"wp:attachment":[{"href":"https:\/\/locumdeco.com\/index.php\/wp-json\/wp\/v2\/media?parent=8662"}],"wp:term":[{"taxonomy":"category","embeddable":true,"href":"https:\/\/locumdeco.com\/index.php\/wp-json\/wp\/v2\/categories?post=8662"},{"taxonomy":"post_tag","embeddable":true,"href":"https:\/\/locumdeco.com\/index.php\/wp-json\/wp\/v2\/tags?post=8662"}],"curies":[{"name":"wp","href":"https:\/\/api.w.org\/{rel}","templated":true}]}}